{"id":2806,"date":"2024-08-23T10:50:55","date_gmt":"2024-08-23T08:50:55","guid":{"rendered":"https:\/\/www.controln.ro\/asociatia-culturala\/?p=2806"},"modified":"2024-08-23T10:50:58","modified_gmt":"2024-08-23T08:50:58","slug":"asociatia-culturala-control-n-lanseaza-la-cinema-program-de-initiere-cinematografica-pentru-copii","status":"publish","type":"post","link":"https:\/\/www.controln.ro\/asociatia-culturala\/asociatia-culturala-control-n-lanseaza-la-cinema-program-de-initiere-cinematografica-pentru-copii\/","title":{"rendered":"ASOCIA\u021aIA CULTURAL\u0102 \u00a0CONTROL N LANSEAZ\u0102 &#8220;LA CINEMA &#8211; PROGRAM DE INI\u021aIERE CINEMATOGRAFIC\u0102 PENTRU COPII\u201d"},"content":{"rendered":"\n<p><strong>Asocia\u021bia Cultural\u0103 Control N anun\u021b\u0103 organizarea proiectului <em>LA CINEMA \u2013 Program de ini\u021biere cinematografic\u0103 pentru copii<\/em>, dedicat comunit\u0103\u021bii din satul Fibi\u0219, jude\u021bul Timi\u0219, unde 30 de copii vor experimenta mai multe roluri legate de film \u2013 scenari\u0219ti, regizori, animatori, interpre\u021bi \u0219i \u00een final spectatori. La finalul atelierelor organizate \u00een perioada 2 \u2013 8 septembrie 2024, copiii \u00ee\u0219i vor putea viziona crea\u021biile, scurte filmule\u021be de anima\u021bie, precum \u0219i un mini-documentar dedicat lor, pe ecranul cinematografului Victoria din Timi\u0219oara. <\/strong><\/p>\n<p>\u00cen parteneriat cu <strong>Asocia\u021bia Piticii Monei<\/strong>, <strong>\u0218coala Gimnazial\u0103 Petru Groza<\/strong> din satul Fibi\u0219, jude\u021bul Timi\u0219, <strong>Centrul de Proiecte Timi\u0219oara <\/strong>\u0219i <strong>Cinema Victoria Timi\u0219oara<\/strong>, cu sprijinul <strong>Administra\u021biei Fondului Cultural Na\u021bional<\/strong>, Asocia\u021bia Cultural\u0103 Control N faciliteaz\u0103 accesul la educa\u021bie cinematografic\u0103 pentru un grup de copii dintr-o comunitate cu acces limitat la manifest\u0103ri culturale, pun\u00e2ndu-i pe participan\u021bi \u00een contact direct cu magia realiz\u0103rii unui produs audiovizual \u0219i a vizion\u0103rii lui pe ecran mare, \u00eentr-o sal\u0103 de cinema adev\u0103rat\u0103. La finalul proiectului, copiii vor viziona, de asemenea, un film de lung metraj, al\u0103turi de al\u021bi spectatori ai cinematografului Victoria din Timi\u0219oara.<\/p>\n<p>Proiectul propune o ini\u021biere \u00een cinema pe dou\u0103 paliere \u0219i din dou\u0103 perspective diferite: cea de spectator \u0219i cea de autor. Timp de o s\u0103pt\u0103m\u00e2n\u0103, asista\u021bi de traineri din zona audiovizual\u0103 (scenaristic\u0103, anima\u021bie, regie), copiii vor deprinde no\u021biuni de baz\u0103 \u00een exprimarea cinematografic\u0103, vor lucra la realizarea propriilor filme de anima\u021bie \u0219i vor fi subiec\u021bi \u00eentr-un scurt documentar despre proiect. Atelierele vor genera anima\u021bii 2D, realizate prin tehnica <em>stop motion<\/em>, lucrate \u00een echip\u0103, pornind de la ideilor lor. Cinea\u0219tii amatori vor parcurge toate etapele de realizare a unui film: de la generarea unei premise pentru un film de anima\u021bie, la schi\u021barea unui scenariu, \u00ee\u0219i vor construi propriile instrumente de lucru \u2013 figurine, p\u0103pu\u0219i, decupaje \u2013 care vor fi folosite \u00een animarea unor situa\u021bii, vor \u00eenv\u0103\u021ba elemente de compozi\u021bie a unui cadru (o fotografie). \u00cen acela\u0219i timp vor deveni personaje \u00een documentarul despre atelierul la care tocmai iau parte.<\/p>\n<p>Produsele lucrate de ei vor fi proiectate la finalul proiectului pe ecranul cinematografului Victoria din Timi\u0219oara, fiind urmate de un film de lung metraj, vizionat al\u0103turi de public. Copiilor li se va insufla, a\u0219adar, respectul pentru sala de cinema, disciplina vizion\u0103rii unui film al\u0103turi de al\u021bi spectatori \u0219i o \u00een\u021belegere mai profund\u0103 a filmului, prin simplul contact cu un mediu care nu le e familiar sau la \u00eendem\u00e2n\u0103.<\/p>\n<p>Ini\u021biatoarea proiectului, trainer \u00een proiect \u0219i co-fondatoare a Asocia\u021biei Culturale Control N, regizoarea Iulia Rugin\u0103 declar\u0103: \u201cIdeea acestui proiect a venit anul trecut, atunci c\u00e2nd m-am lovit pentru prima dat\u0103 real \u0219i direct de lipsa unei discipline \u00een ceea ce prive\u0219te mersul la cinema, de o disfunc\u021bionalitate uria\u0219\u0103 \u00eentre produc\u021bia \u0219i distribu\u021bia de film, de lipsa respectului pentru sala de cinema \u0219i de un public care s-a dezobi\u0219nuit s\u0103 mearg\u0103 la cinema la filme care ies din zona de divertisment. Control N dezvolt\u0103 de mul\u021bi ani proiecte \u00een zona educa\u021biei audio-vizuale pentru copii, dar acum am ales s\u0103 punem accentul pe viitorii spectatori ai s\u0103lilor de cinema, s\u0103 suplinim lipsa unei educa\u021bii formale din \u0219coli \u0219i licee, \u00eencep\u00eend cu cei mai tineri spectatori. Am ales acest\u0103 comunitate pentru apropierea ei georgrafic\u0103 de un centru cultural important, a\u0219a cum este Municipiul Timi\u0219oara, ora\u0219ul care a inaugurat dou\u0103 s\u0103li de cinema \u00een ultimii doi ani, \u00eentr-o \u021bar\u0103 \u00een care sute s-au \u00eenchis \u00een ultimii 30. Al\u0103turi de partenerii importan\u021bi din proiect, cred c\u0103 punem o prim\u0103 c\u0103r\u0103mid\u0103 mic\u0103 la rec\u00e2\u0219tigarea respectului pentru sala de cinema, la o v\u00e2rst\u0103 foarte fraged\u0103.\u201c<\/p>\n<p>Copiii participan\u021bi \u00een proiect, cu v\u00e2rste cuprinse \u00eentre 9 \u0219i 14 ani, vor fi ghida\u021bi \u00een activit\u0103\u021bile lor de c\u0103tre profesioni\u0219ti din industria de film: Nicoleta Miron \u0219i Agata Tabacu, instructori anima\u021bie <em>stop motion<\/em>, Anelise S\u0103lan, regizoarea filmului documentar ce va fi realizat \u00een paralel \u0219i regizoarea Iulia Rugin\u0103, de la care vor deprinde no\u021biuni de <em>storytelling<\/em> \u0219i regie. Filmul rezultat \u00een urma proiectului va fi f\u0103cut public dup\u0103 \u00eencheierea atelierelor.<\/p>\n<p>Asocia\u021bia Cultural\u0103 Control N a fost fondat\u0103 \u00een 2009 de Oana R\u0103suceanu (scenarist), Ana Agopian (scenarist) \u0219i Iulia Rugin\u0103 (regizor de film), cu scopul de a \u00eenlesni accesul la educa\u021bie cinematografic\u0103 \u00een Rom\u00e2nia, de a crea pun\u021bi \u00eentre arti\u0219tii locali \u0219i interna\u021bionali, de a sprijini debutul artistic \u0219i manifest\u0103rile creative \u00een zona artelor performative. De-a lungul celor 15 ani de activitate, Asocia\u021bia Cultural\u0103 Control N a devenit unul dintre dintre cei mai activi organizatori de evenimente culturale \u00een zona filmului, teatrului, dansului, fotografiei \u0219i scrierii creative. Cursurile, atelierele de crea\u021bie, conferin\u021bele \u0219i masterclassurile organizate (care au \u00eensumat un num\u0103r de aproximativ 1300 de participan\u021bi, provenind din toate domeniile artelor vizuale) au fost completate de proiecte interna\u021bionale realizate cu parteneri din Italia, Fran\u021ba, Belgia, Polonia \u0219i Statele Unite.<\/p>\n<p>Proiectul este organizat de Asocia\u021bia Cultural\u0103 Control N, co-finan\u021bat de Administra\u021bia Fondului Cultural Na\u021bional* (AFCN), realizat \u00een parteneriat cu Asocia\u021bia Piticii Monei, \u0218coala Gimnazial\u0103 Nicolae Groza din Fibi\u0219, Centrul de Proiecte Timi\u0219oara \u0219i Cinema Victoria Timi\u0219oara.<\/p>\n<p>Parteneri media: Liternet.ro, Ziarul Metropolis, Happ.ro, Scena 9, Radio Rom\u00e2nia Cultural.<\/p>\n<p><em>*Proiectul nu reprezint\u0103 \u00een mod necesar pozi\u0163ia Administra\u021biei Fondului Cultural Na\u021bional. AFCN nu este responsabil\u0103 de con\u021binutul proiectului sau de modul \u00een care rezultatele proiectului pot fi folosite. Acestea sunt \u00een \u00eentregime responsabilitatea beneficiarului finan\u021b\u0103rii.<\/em><\/p>\n<p>\u00a0<\/p>\n<p>\u00a0<\/p>\n\n\n","protected":false},"excerpt":{"rendered":"<p>Asocia\u021bia Cultural\u0103 Control N anun\u021b\u0103 organizarea proiectului LA CINEMA \u2013 Program de ini\u021biere cinematografic\u0103 pentru copii, dedicat comunit\u0103\u021bii din satul Fibi\u0219, jude\u021bul Timi\u0219, unde 30 de copii vor experimenta mai multe roluri legate de film \u2013 scenari\u0219ti, regizori, animatori, interpre\u021bi [&hellip;]<\/p>\n","protected":false},"author":2,"featured_media":2807,"comment_status":"closed","ping_status":"closed","sticky":false,"template":"","format":"standard","meta":{"_jetpack_memberships_contains_paid_content":false,"footnotes":""},"categories":[18],"tags":[],"class_list":["post-2806","post","type-post","status-publish","format-standard","has-post-thumbnail","hentry","category-comunicate-de-presa"],"jetpack_featured_media_url":"https:\/\/www.controln.ro\/asociatia-culturala\/wp-content\/uploads\/2024\/08\/La_cinema_600x379.jpg","jetpack_sharing_enabled":true,"_links":{"self":[{"href":"https:\/\/www.controln.ro\/asociatia-culturala\/wp-json\/wp\/v2\/posts\/2806","targetHints":{"allow":["GET"]}}],"collection":[{"href":"https:\/\/www.controln.ro\/asociatia-culturala\/wp-json\/wp\/v2\/posts"}],"about":[{"href":"https:\/\/www.controln.ro\/asociatia-culturala\/wp-json\/wp\/v2\/types\/post"}],"author":[{"embeddable":true,"href":"https:\/\/www.controln.ro\/asociatia-culturala\/wp-json\/wp\/v2\/users\/2"}],"replies":[{"embeddable":true,"href":"https:\/\/www.controln.ro\/asociatia-culturala\/wp-json\/wp\/v2\/comments?post=2806"}],"version-history":[{"count":1,"href":"https:\/\/www.controln.ro\/asociatia-culturala\/wp-json\/wp\/v2\/posts\/2806\/revisions"}],"predecessor-version":[{"id":2808,"href":"https:\/\/www.controln.ro\/asociatia-culturala\/wp-json\/wp\/v2\/posts\/2806\/revisions\/2808"}],"wp:featuredmedia":[{"embeddable":true,"href":"https:\/\/www.controln.ro\/asociatia-culturala\/wp-json\/wp\/v2\/media\/2807"}],"wp:attachment":[{"href":"https:\/\/www.controln.ro\/asociatia-culturala\/wp-json\/wp\/v2\/media?parent=2806"}],"wp:term":[{"taxonomy":"category","embeddable":true,"href":"https:\/\/www.controln.ro\/asociatia-culturala\/wp-json\/wp\/v2\/categories?post=2806"},{"taxonomy":"post_tag","embeddable":true,"href":"https:\/\/www.controln.ro\/asociatia-culturala\/wp-json\/wp\/v2\/tags?post=2806"}],"curies":[{"name":"wp","href":"https:\/\/api.w.org\/{rel}","templated":true}]}}