{"id":2833,"date":"2024-11-06T10:43:50","date_gmt":"2024-11-06T08:43:50","guid":{"rendered":"https:\/\/www.controln.ro\/asociatia-culturala\/?p=2833"},"modified":"2024-11-06T11:06:16","modified_gmt":"2024-11-06T09:06:16","slug":"editia-a-treia-a-rezidentei-new-draft-a-ajuns-la-final","status":"publish","type":"post","link":"https:\/\/www.controln.ro\/asociatia-culturala\/editia-a-treia-a-rezidentei-new-draft-a-ajuns-la-final\/","title":{"rendered":"Edi\u021bia a treia a reziden\u021bei New Draft a ajuns la final"},"content":{"rendered":"\n<p><strong>New Draft #3, reziden\u021ba de dezvoltare de scenarii de lung\u0103 durat\u0103 din Rom\u00e2nia, \u0219i-a \u00eencheiat \u0219i ultima etap\u0103. Sesiunea de pitch \u00een care au fost prezentate proiectele a avut loc la Apollo 111, \u00een fa\u021ba unor produc\u0103tori, regizori \u0219i al\u021bi profesioni\u0219ti din lumea filmului.<\/strong><\/p>\n<p><span style=\"font-weight: 400;\">\u201eEdi\u021bia a 3-a a New Draft a ajuns la final. Am adunat speran\u021be \u0219i emo\u021bii pentru cele 11 proiecte c\u00e2t s\u0103 avem noi, ca organizatori \u0219i traineri, o str\u00e2ngere de inim\u0103 la pachet cu bucuria unui final fericit. Procesul de dezvoltare a proiectelor continu\u0103 \u0219i noi ne bucur\u0103m c\u0103 am putut s\u0103 le oferim un spa\u021biu sigur \u0219i stabil timp de patru luni. Ideile care s-au a\u0219ezat pe pagin\u0103 (sub form\u0103 de treatment dezvoltat \u00eenc\u0103) sunt pe c\u00e2t de puternice, pe at\u00e2t de diferite. Sper\u0103m ca pitchul \u0219i bro\u0219ura de prezentare ce a plecat c\u0103tre regizori \u0219i produc\u0103tori s\u0103 le ofere autorilor \u0219ansa unor colabor\u0103ri. Noi \u0219tim sigur c\u0103 o merit\u0103\u201c, declar\u0103 Cr\u0103i\u021ba Nanu, unul dintre trainerii programului.<\/span><\/p>\n<p><span style=\"font-weight: 400;\">Mai multe despre participan\u021bii la New Draft \u0219i proiectele lor:<\/span><\/p>\n<p><b>Daniel Popa<\/b><span style=\"font-weight: 400;\"> &#8211; de baz\u0103 actor, dar cu experien\u021b\u0103 \u0219i \u00een regia de teatru, film documentar \u0219i montaj, a lucrat scenariul primului s\u0103u lungmetraj. <\/span><b><i>Baft\u0103 la C\u0103l\u0103ra\u0219i!<\/i><\/b> <span style=\"font-weight: 400;\">este povestea unui actor devenit de nevoie profesor de actorie, care se vindec\u0103 de depresie cu ajutorul unor pu\u0219ti din C\u0103l\u0103ra\u0219i pe care \u00eei instruie\u0219te \u00een arta pe care simte c\u0103 a ratat-o.<\/span><\/p>\n<p><b>Cristian Doroban\u021bu &#8211; <\/b><span style=\"font-weight: 400;\">regizor\/scenarist \u0219i artist VFX, a dezvoltat primul s\u0103u proiect de lungmetraj de anima\u021bie: <\/span><b><i>Bobo<\/i><\/b><span style=\"font-weight: 400;\">, o poveste pentru toat\u0103 familia despre prietenia dintre un urs \u0219i o fetit\u0103 ce tr\u0103ie\u0219te \u00een satul \u00eenvecinat cu p\u0103durea.\u00a0<\/span><\/p>\n<p><b>Andra Hera<\/b><span style=\"font-weight: 400;\">, regizoare \u0219i scenarist\u0103 ce s-a f\u0103cut remarcat\u0103 odat\u0103 cu scurtmetrajul Grani\u021be (2017), proiectat \u0219i premiat \u00een festivaluri din toat\u0103 lumea, a lucrat la <\/span><b><i>Chemarea<\/i><\/b><span style=\"font-weight: 400;\">, lungmetrajul ei de debut, despre o mam\u0103 decis\u0103 s\u0103 ajute o familie nevoia\u0219\u0103 chiar cu pre\u021bul destabiliz\u0103rii propriei familii.<\/span><\/p>\n<p><b>Alin Boeru &#8211;<\/b><span style=\"font-weight: 400;\"> regizor-scenarist cu multiple scurtmetraje la activ \u0219i proiecte de mini-serii sau lungmetraje \u00een dezvoltare, dar \u0219i regizorul primului documentar despre Street Art din Rom\u00e2nia, a dezvoltat <\/span><b><i>Dac\u0103 nu te ui\u021bi, nu se vede<\/i><\/b><span style=\"font-weight: 400;\">, o poveste despre con\u0219tientizarea \u0219i gestionarea unei traume.\u00a0<\/span><\/p>\n<p><b>R\u0103zvan Oprescu \/ Ioana \u021aurcan <\/b><span style=\"font-weight: 400;\">&#8211; co-regizori \u0219i co-scenari\u0219ti, fiecare cu scurtmetraje apreciate at\u00e2t \u00een \u021bar\u0103 c\u00e2t \u0219i peste hotare, au lucrat <\/span><b><i>Ductil<\/i><\/b><i><span style=\"font-weight: 400;\">,<\/span><\/i><span style=\"font-weight: 400;\"> povestea unei fete ce merge s\u0103-\u0219i viziteze tat\u0103l plecat la lucru pe \u0219antier, \u00een Fran\u021ba.<\/span><\/p>\n<p><b>Rare\u0219 Ro\u0219ca<\/b><span style=\"font-weight: 400;\">, absolvent de inginerie aerospa\u021bial\u0103 ce s-a reprofilat pe scenaristic\u0103 (a fost admis \u0219i la masterul de scenaristic\u0103 \u00een cadrul UNATC \u00een timpul reziden\u021bei), a lucrat la<\/span> <b><i>HotDog<\/i><\/b><span style=\"font-weight: 400;\">, un lungmetraj despre Teo, un t\u00e2n\u0103r care \u00eencepe s\u0103 \u00ee\u0219i pun\u0103 mari semne de \u00eentrebare despre via\u021ba \u0219i oamenii din spatele lumii corporate a Bucure\u0219tiului.<\/span><\/p>\n<p><b>George ve G\u00e4n\u00e6aard \u0219i Horia Cucut\u0103 &#8211;<\/b><span style=\"font-weight: 400;\"> co-regizori \u0219i co-scenari\u0219ti independen\u021bi ce au debutat \u00een lungmetraj cu <\/span><i><span style=\"font-weight: 400;\">Clasat<\/span><\/i><span style=\"font-weight: 400;\"> (marele premiu \u00een cadrul sec\u021biunii Ro Days la TIFF anul acesta), au lucrat <\/span><b><i>Pauz\u0103 \u00een publicitate<\/i><\/b><span style=\"font-weight: 400;\">, a doua parte a trilogiei \u201dcorporatiste\u201d pe care o au \u00een plan.<\/span><\/p>\n<p><b>Lavinia Brani\u0219te &#8211; <\/b><span style=\"font-weight: 400;\">scriitoare \u0219i traduc\u0103toare, pentru a doua oar\u0103 participant\u0103 la New Draft, a lucrat o nou\u0103 adaptare dup\u0103 o povestire scris\u0103 de ea. <\/span><b><i>Sonet pentru Sir Bob<\/i><\/b><span style=\"font-weight: 400;\"> este o poveste de mentorat \u00een mediul universitar, despre c\u00e2t cost\u0103 un \u00eenceput de carier\u0103 \u0219i despre caracterul tranzac\u021bional al rela\u021biilor dintre oameni.<\/span><\/p>\n<p><b>Bogdan Drumea<\/b><span style=\"font-weight: 400;\">,<\/span> <span style=\"font-weight: 400;\">regizor-scenarist, absolvent de master de scenaristic\u0103 la UNATC, a lucrat la lungmetrajul <\/span><b><i>Tinere speran\u021be<\/i><\/b><span style=\"font-weight: 400;\">, o poveste de dragoste, pe teren \u0219i pe peluz\u0103, \u00een timpul unui retur de campionat de fotbal.\u00a0<\/span><\/p>\n<p><b>Irina Hu\u021bu<\/b><span style=\"font-weight: 400;\">, scenarist\u0103 \u0219i editor de scenarii, absolvent\u0103 de master de scenaristic\u0103 la UNATC, a lucrat la <\/span><b><i>Tulbure<\/i><\/b><span style=\"font-weight: 400;\">, un indie despre un ultim weekend la mare pentru un grup de prieteni ce se credeau de nedesp\u0103r\u021bit.\u00a0<\/span><\/p>\n<p><b>\u0218tefania Maftei<\/b><span style=\"font-weight: 400;\">, absolvent\u0103 de regie la UNATC, \u00een prezent student\u0103 la masterul de media studies de la Malm\u00f6 University, a dezvoltat <\/span><b><i>XXS<\/i><\/b><span style=\"font-weight: 400;\">, povestea cu inflexiuni fantastice a unei familii ce se confrunt\u0103 cu faptul c\u0103 fiica lor cea mic\u0103 sufer\u0103 de anorexie.\u00a0<\/span><\/p>\n<p><span style=\"font-weight: 400;\">\u00cen total, anul acesta, 50 de aplican\u021bi din Bucure\u0219ti, Chi\u0219in\u0103u, Cluj-Napoca, Timi\u0219oara \u0219i Ia\u0219i \u0219i-au \u00eenscris proiectele la edi\u021bia a treia a reziden\u021bei <\/span><i><span style=\"font-weight: 400;\">New Draft<\/span><\/i><span style=\"font-weight: 400;\">. Trainerii New Draft au fost <\/span><b>Ana Agopian<\/b><span style=\"font-weight: 400;\"> (scenarist\u0103 \u0219i regizoare de film, consultant\u0103 de scenarii), <\/span><b>Cr\u0103i\u021ba Nanu<\/b><span style=\"font-weight: 400;\"> (selec\u021bioner\u0103, curatoare de film \u0219i consultant\u0103 de scenarii) \u0219i <\/span><b>Andreea Cristina Bor\u021bun<\/b><span style=\"font-weight: 400;\"> (regizoare de film, dramaturg\u0103 \u0219i manager cultural).<\/span><\/p>\n\n\n\n<figure class=\"wp-block-image size-large\"><a href=\"https:\/\/www.controln.ro\/asociatia-culturala\/wp-content\/uploads\/2024\/11\/new-draft-3-pitch-foto-claudiu-popescu-1.jpg\"><img decoding=\"async\" width=\"1024\" height=\"683\" src=\"https:\/\/www.controln.ro\/asociatia-culturala\/wp-content\/uploads\/2024\/11\/new-draft-3-pitch-foto-claudiu-popescu-1-1024x683.jpg\" alt=\"\" class=\"wp-image-2836\" srcset=\"https:\/\/www.controln.ro\/asociatia-culturala\/wp-content\/uploads\/2024\/11\/new-draft-3-pitch-foto-claudiu-popescu-1-1024x683.jpg 1024w, https:\/\/www.controln.ro\/asociatia-culturala\/wp-content\/uploads\/2024\/11\/new-draft-3-pitch-foto-claudiu-popescu-1-300x200.jpg 300w, https:\/\/www.controln.ro\/asociatia-culturala\/wp-content\/uploads\/2024\/11\/new-draft-3-pitch-foto-claudiu-popescu-1-768x512.jpg 768w, https:\/\/www.controln.ro\/asociatia-culturala\/wp-content\/uploads\/2024\/11\/new-draft-3-pitch-foto-claudiu-popescu-1-1536x1024.jpg 1536w, https:\/\/www.controln.ro\/asociatia-culturala\/wp-content\/uploads\/2024\/11\/new-draft-3-pitch-foto-claudiu-popescu-1.jpg 2048w\" sizes=\"(max-width: 1024px) 100vw, 1024px\" \/><\/a><\/figure>\n\n\n\n<p><b>New Draft #3<\/b><\/p>\n<p><span style=\"font-weight: 400;\">Organizat de <\/span><a href=\"https:\/\/www.controln.ro\/\"><span style=\"font-weight: 400;\">Control N<\/span><\/a><span style=\"font-weight: 400;\"> \u0219i co-finan\u021bat de <\/span><a href=\"https:\/\/www.afcn.ro\/\"><span style=\"font-weight: 400;\">Asocia\u021bia Fondului Cultural Na\u021bional<\/span><\/a><span style=\"font-weight: 400;\">* (AFCN).<\/span><\/p>\n<p><span style=\"font-weight: 400;\">Parteneri: Universitatea Na\u021bional\u0103 de Art\u0103 Teatral\u0103 \u0219i Cinematografic\u0103 \u201cI.L. Caragiale\u201d (UNATC) \u0219i Centrul Na\u021bional al Cinematografiei din Republica Moldova<\/span><\/p>\n<p><span style=\"font-weight: 400;\">Parteneri media: <\/span><a href=\"https:\/\/www.happ.ro\/\"><span style=\"font-weight: 400;\">Happ.ro<\/span><\/a><span style=\"font-weight: 400;\">, <\/span><a href=\"https:\/\/www.liternet.ro\/\"><span style=\"font-weight: 400;\">Liternet<\/span><\/a><span style=\"font-weight: 400;\">, <\/span><a href=\"https:\/\/www.observatorcultural.ro\/\"><span style=\"font-weight: 400;\">Observator Cultural<\/span><\/a><span style=\"font-weight: 400;\">, <\/span><a href=\"https:\/\/www.ziarulmetropolis.ro\/\"><span style=\"font-weight: 400;\">Ziarul Metropolis<\/span><\/a><span style=\"font-weight: 400;\">, <\/span><a href=\"https:\/\/revistagolan.com\/\"><span style=\"font-weight: 400;\">Revista Golan<\/span><\/a><\/p>\n<p><span style=\"font-weight: 400;\">* Proiectul nu reprezint\u0103 \u00een mod necesar pozi\u0163ia Administra\u021biei Fondului Cultural Na\u021bional. AFCN nu este responsabil\u0103 de con\u021binutul proiectului sau de modul \u00een care rezultatele proiectului pot fi folosite. Acestea sunt \u00een \u00eentregime responsabilitatea beneficiarului finan\u021b\u0103rii.&nbsp;<\/span><\/p>\n\n\n","protected":false},"excerpt":{"rendered":"<p>New Draft #3, reziden\u021ba de dezvoltare de scenarii de lung\u0103 durat\u0103 din Rom\u00e2nia, \u0219i-a \u00eencheiat \u0219i ultima etap\u0103. Sesiunea de pitch \u00een care au fost prezentate proiectele a avut loc la Apollo 111, \u00een fa\u021ba unor produc\u0103tori, regizori \u0219i al\u021bi [&hellip;]<\/p>\n","protected":false},"author":2,"featured_media":2834,"comment_status":"closed","ping_status":"closed","sticky":false,"template":"","format":"standard","meta":{"_jetpack_memberships_contains_paid_content":false,"footnotes":""},"categories":[18],"tags":[17,16],"class_list":["post-2833","post","type-post","status-publish","format-standard","has-post-thumbnail","hentry","category-comunicate-de-presa","tag-asociatia-culturala-control-n","tag-editia-a-treia"],"jetpack_featured_media_url":"https:\/\/www.controln.ro\/asociatia-culturala\/wp-content\/uploads\/2024\/11\/3rd_NEW-draft-poster_815x300.png","jetpack_sharing_enabled":true,"_links":{"self":[{"href":"https:\/\/www.controln.ro\/asociatia-culturala\/wp-json\/wp\/v2\/posts\/2833","targetHints":{"allow":["GET"]}}],"collection":[{"href":"https:\/\/www.controln.ro\/asociatia-culturala\/wp-json\/wp\/v2\/posts"}],"about":[{"href":"https:\/\/www.controln.ro\/asociatia-culturala\/wp-json\/wp\/v2\/types\/post"}],"author":[{"embeddable":true,"href":"https:\/\/www.controln.ro\/asociatia-culturala\/wp-json\/wp\/v2\/users\/2"}],"replies":[{"embeddable":true,"href":"https:\/\/www.controln.ro\/asociatia-culturala\/wp-json\/wp\/v2\/comments?post=2833"}],"version-history":[{"count":2,"href":"https:\/\/www.controln.ro\/asociatia-culturala\/wp-json\/wp\/v2\/posts\/2833\/revisions"}],"predecessor-version":[{"id":2839,"href":"https:\/\/www.controln.ro\/asociatia-culturala\/wp-json\/wp\/v2\/posts\/2833\/revisions\/2839"}],"wp:featuredmedia":[{"embeddable":true,"href":"https:\/\/www.controln.ro\/asociatia-culturala\/wp-json\/wp\/v2\/media\/2834"}],"wp:attachment":[{"href":"https:\/\/www.controln.ro\/asociatia-culturala\/wp-json\/wp\/v2\/media?parent=2833"}],"wp:term":[{"taxonomy":"category","embeddable":true,"href":"https:\/\/www.controln.ro\/asociatia-culturala\/wp-json\/wp\/v2\/categories?post=2833"},{"taxonomy":"post_tag","embeddable":true,"href":"https:\/\/www.controln.ro\/asociatia-culturala\/wp-json\/wp\/v2\/tags?post=2833"}],"curies":[{"name":"wp","href":"https:\/\/api.w.org\/{rel}","templated":true}]}}