{"id":2840,"date":"2024-11-08T15:46:26","date_gmt":"2024-11-08T13:46:26","guid":{"rendered":"https:\/\/www.controln.ro\/asociatia-culturala\/?p=2840"},"modified":"2024-11-08T15:48:01","modified_gmt":"2024-11-08T13:48:01","slug":"elevii-de-la-colegiul-national-de-arte-dinu-lipatti-prezinta-spectacolul-eu-variante","status":"publish","type":"post","link":"https:\/\/www.controln.ro\/asociatia-culturala\/elevii-de-la-colegiul-national-de-arte-dinu-lipatti-prezinta-spectacolul-eu-variante\/","title":{"rendered":"Elevii de la Colegiul Na\u021bional de Arte Dinu Lipatti prezint\u0103 spectacolul \u201eEu. Variante\u201c"},"content":{"rendered":"\n\n\n<p><strong>Spectacolul \u201eEu. Variante\u201c va avea loc pe 11 noiembrie, la Teatrul Podul de la Casa de Cultur\u0103 a Studen\u021bilor Bucure\u0219ti, de la ora 18.00 \u0219i de la ora 20.00, \u00een cadrul programului educa\u021bional \u201eEu. Variante\u201d \u2013 Ateliere de autocunoa\u0219tere prin scris, sus\u021binut de Asocia\u021bia Cultural\u0103 Control N. Intrarea la evenimentul din Calea Plevnei, nr. 61 este liber\u0103, \u00een limita locurilor disponibile.<\/strong><\/p>\n<p><span style=\"font-weight: 400;\">Anul acesta, \u00een perioada septembrie-noiembrie 2024, programul este dedicat copiilor de la Colegiul Na\u021bional de Arte Dinu Lipatti.\u00a0<\/span><\/p>\n<p><span style=\"font-weight: 400;\">Spectacolul de teatru, realizat \u00een colaborare cu Teatrul Podul coordonat de Mihai Munteni\u021b\u0103, este creat pe baza textelor pe care elevii le-au scris \u00een cadrul atelierelor \u0219i este o etap\u0103 plin\u0103 de provoc\u0103ri pentru ei. Dup\u0103 ce au \u00eenv\u0103\u021bat \u00een ce forme \u00ee\u0219i pot coagula g\u00e2ndurile \u0219i ideile, ace\u0219tia vor vedea acum \u0219i ce impact au asupra spectatorilor replicile personajelor de pe scen\u0103, pe care tot ei le vor interpreta.<\/span><\/p>\n<p><span style=\"font-weight: 400;\">\u201eEste un demers sincer, curajos \u0219i necesar, pe care elevii cu care am lucrat l-au luat foarte \u00een serios. E minunat s\u0103 \u00eei vezi cum cresc, de la nesiguran\u021ba de la \u00eenceput, c\u00e2nd cred c\u0103 nu o s\u0103 se fac\u0103 \u00een\u021bele\u0219i, p\u00e2n\u0103 c\u00e2nd v\u0103d c\u0103 ideile lor cap\u0103t\u0103 for\u021b\u0103. La final, nu r\u0103m\u00e2ne dec\u00e2t \u00eencredere \u00een for\u021bele proprii \u0219i sentimentul de a face parte dintr-un grup care are ceva de spus printr-un spectacol f\u0103cut \u00een doar c\u00e2teva luni\u201c, declar\u0103 Ana Agopian, fondatoare Control N.\u00a0\u00a0<\/span><\/p>\n<p><span style=\"font-weight: 400;\">Toate textele rezultate vor fi disponibile \u00eentr-un volum online pe platforma LiterNet.ro, devenind accesibile publicului larg.<\/span><\/p>\n<p><span style=\"font-weight: 400;\">\u201eEu. Variante\u201d este un proiect organizat de Asocia\u021bia Cultural\u0103 Control N, co-finan\u021bat de Administra\u0163ia Fondului Cultural Na\u0163ional* (AFCN).<\/span><\/p>\n<p><span style=\"font-weight: 400;\">* Proiectul nu reprezint\u0103 \u00een mod necesar pozi\u0163ia Administra\u021biei Fondului Cultural Na\u021bional. AFCN nu este responsabil\u0103 de con\u021binutul proiectului sau de modul \u00een care rezultatele proiectului pot fi folosite. Acestea sunt \u00een \u00eentregime responsabilitatea beneficiarului finan\u021b\u0103rii.<\/span><\/p>\n<p><b>Parteneri<\/b><span style=\"font-weight: 400;\">:\u00a0<\/span><a href=\"https:\/\/www.liternet.ro\/\"><span style=\"font-weight: 400;\">Liternet<\/span><\/a><span style=\"font-weight: 400;\">,\u00a0<\/span><a href=\"https:\/\/www.ziarulmetropolis.ro\/\"><span style=\"font-weight: 400;\">Ziarul Metropolis<\/span><\/a><span style=\"font-weight: 400;\">,\u00a0<\/span><a href=\"http:\/\/happ.ro\/\"><span style=\"font-weight: 400;\">Happ.ro<\/span><\/a><\/p>\n\n\n\n<figure class=\"wp-block-image size-large\"><a href=\"https:\/\/www.controln.ro\/asociatia-culturala\/wp-content\/uploads\/2024\/11\/eu_variante_spectacol_50x70_preview.jpg\"><img decoding=\"async\" width=\"731\" height=\"1024\" src=\"https:\/\/www.controln.ro\/asociatia-culturala\/wp-content\/uploads\/2024\/11\/eu_variante_spectacol_50x70_preview-731x1024.jpg\" alt=\"\" class=\"wp-image-2843\" srcset=\"https:\/\/www.controln.ro\/asociatia-culturala\/wp-content\/uploads\/2024\/11\/eu_variante_spectacol_50x70_preview-731x1024.jpg 731w, https:\/\/www.controln.ro\/asociatia-culturala\/wp-content\/uploads\/2024\/11\/eu_variante_spectacol_50x70_preview-214x300.jpg 214w, https:\/\/www.controln.ro\/asociatia-culturala\/wp-content\/uploads\/2024\/11\/eu_variante_spectacol_50x70_preview-768x1075.jpg 768w, https:\/\/www.controln.ro\/asociatia-culturala\/wp-content\/uploads\/2024\/11\/eu_variante_spectacol_50x70_preview.jpg 1000w\" sizes=\"(max-width: 731px) 100vw, 731px\" \/><\/a><\/figure>\n\n\n","protected":false},"excerpt":{"rendered":"<p>Spectacolul \u201eEu. Variante\u201c va avea loc pe 11 noiembrie, la Teatrul Podul de la Casa de Cultur\u0103 a Studen\u021bilor Bucure\u0219ti, de la ora 18.00 \u0219i de la ora 20.00, \u00een cadrul programului educa\u021bional \u201eEu. Variante\u201d \u2013 Ateliere de autocunoa\u0219tere prin [&hellip;]<\/p>\n","protected":false},"author":2,"featured_media":2841,"comment_status":"closed","ping_status":"closed","sticky":false,"template":"","format":"standard","meta":{"_jetpack_memberships_contains_paid_content":false,"footnotes":""},"categories":[18],"tags":[],"class_list":["post-2840","post","type-post","status-publish","format-standard","has-post-thumbnail","hentry","category-comunicate-de-presa"],"jetpack_featured_media_url":"https:\/\/www.controln.ro\/asociatia-culturala\/wp-content\/uploads\/2024\/11\/eu-variante.jpg","jetpack_sharing_enabled":true,"_links":{"self":[{"href":"https:\/\/www.controln.ro\/asociatia-culturala\/wp-json\/wp\/v2\/posts\/2840","targetHints":{"allow":["GET"]}}],"collection":[{"href":"https:\/\/www.controln.ro\/asociatia-culturala\/wp-json\/wp\/v2\/posts"}],"about":[{"href":"https:\/\/www.controln.ro\/asociatia-culturala\/wp-json\/wp\/v2\/types\/post"}],"author":[{"embeddable":true,"href":"https:\/\/www.controln.ro\/asociatia-culturala\/wp-json\/wp\/v2\/users\/2"}],"replies":[{"embeddable":true,"href":"https:\/\/www.controln.ro\/asociatia-culturala\/wp-json\/wp\/v2\/comments?post=2840"}],"version-history":[{"count":2,"href":"https:\/\/www.controln.ro\/asociatia-culturala\/wp-json\/wp\/v2\/posts\/2840\/revisions"}],"predecessor-version":[{"id":2844,"href":"https:\/\/www.controln.ro\/asociatia-culturala\/wp-json\/wp\/v2\/posts\/2840\/revisions\/2844"}],"wp:featuredmedia":[{"embeddable":true,"href":"https:\/\/www.controln.ro\/asociatia-culturala\/wp-json\/wp\/v2\/media\/2841"}],"wp:attachment":[{"href":"https:\/\/www.controln.ro\/asociatia-culturala\/wp-json\/wp\/v2\/media?parent=2840"}],"wp:term":[{"taxonomy":"category","embeddable":true,"href":"https:\/\/www.controln.ro\/asociatia-culturala\/wp-json\/wp\/v2\/categories?post=2840"},{"taxonomy":"post_tag","embeddable":true,"href":"https:\/\/www.controln.ro\/asociatia-culturala\/wp-json\/wp\/v2\/tags?post=2840"}],"curies":[{"name":"wp","href":"https:\/\/api.w.org\/{rel}","templated":true}]}}