{"id":2855,"date":"2025-06-27T08:29:40","date_gmt":"2025-06-27T06:29:40","guid":{"rendered":"https:\/\/www.controln.ro\/asociatia-culturala\/?p=2855"},"modified":"2025-06-27T08:29:43","modified_gmt":"2025-06-27T06:29:43","slug":"dar-eu-spectacolul-unei-generatii-care-isi-pune-intrebari-despre-sine","status":"publish","type":"post","link":"https:\/\/www.controln.ro\/asociatia-culturala\/dar-eu-spectacolul-unei-generatii-care-isi-pune-intrebari-despre-sine\/","title":{"rendered":"Dar eu? Spectacolul unei genera\u021bii care \u00ee\u0219i pune \u00eentreb\u0103ri despre sine"},"content":{"rendered":"\n\n\n\n\n<p><b>Spectacolul \u201eDar eu?\u201c va avea loc pe 28 iunie, la Teatrul Pod de la Casa de Cultur\u0103 a Studen\u021bilor Bucure\u0219ti, de la ora 18.00 \u0219i de la ora 20.00, \u00een cadrul programului educa\u021bional \u201eDar eu?\u201d \u2013 Ateliere de autocunoa\u0219tere prin scris, sus\u021binut de Asocia\u021bia Cultural\u0103 Control N. Intrarea la evenimentul din Calea Plevnei, nr. 61 este liber\u0103, \u00een limita locurilor disponibile.<\/b><\/p>\n<p><span style=\"font-weight: 400;\">Din distribu\u021bie fac parte Tudor-Florin Balaban, Daria Beciu, Diana Bogdan, Miruna Cibotariu, Maria Luisa Coman, Ionu\u021b Dobrin, Julia Marcan, Anisia Neagu, Alexa Nu\u021bu, Karina Rusu. Spectacolul este creat pe baza textelor rezultate \u00een cadrul atelierelor de autocunoa\u0219tere prin scris \u0219i este realizat \u00een colaborare cu Teatrul Pod coordonat de Mihai Munteni\u021b\u0103.<\/span><\/p>\n<p><span style=\"font-weight: 400;\">Programul educa\u021bional \u201eDar eu?\u201d \u2013 Ateliere de autocunoa\u0219tere prin scris, este dedicat trupei de teatru de adolescen\u021bi Brainstorming. Trainerii atelierelor: Mihaela Michailov (scriere dramatic\u0103), Oana R\u0103suceanu (creative writing), Ana Agopian (scenaristic\u0103) \u0219i Mihai Munteni\u021b\u0103 (actorie).<\/span><\/p>\n<p><span style=\"font-weight: 400;\">\u201eSpectacolele generate p\u00e2n\u0103 acum de atelierele Control N au \u00eenchegat foarte fericit texte scrise cu inteligen\u021b\u0103, puternice \u0219i emo\u021bionante. S\u0103 porne\u0219ti de la o idee, s\u0103 ai curajul s\u0103 o pui pe h\u00e2rtie, s\u0103 o con\u0219tientizezi, s\u0103-\u021bi faci cunoscute cele mai intime g\u00e2nduri \u0219i tr\u0103iri \u0219i apoi s\u0103 le spui pe scen\u0103, \u00een fa\u021ba spectatorilor, nu e pu\u021bin lucru \u2013 e un proces unic, pe care fiecare dintre participan\u021bi \u00eel simte \u00een felul lui \u0219i \u00eel tr\u0103ie\u0219te la maxim\u0103 intensitate\u201c, spune Oana R\u0103suceanu, trainer la sec\u021biunea creative writing.<\/span><\/p>\n<p><span style=\"font-weight: 400;\">Toate textele rezultate vor fi disponibile \u00eentr-un volum online pe platforma LiterNet.ro, devenind accesibile publicului larg.<\/span><\/p>\n<p><a href=\"http:\/\/www.controln.ro\/asociatia-culturala\/wp-content\/uploads\/2025\/06\/DarEu-poster-final-SPECTACOL-scaled.png\"><img decoding=\"async\" class=\"alignright size-large wp-image-2857\" src=\"http:\/\/www.controln.ro\/asociatia-culturala\/wp-content\/uploads\/2025\/06\/DarEu-poster-final-SPECTACOL-724x1024.png\" alt=\"\" width=\"669\" height=\"946\" srcset=\"https:\/\/www.controln.ro\/asociatia-culturala\/wp-content\/uploads\/2025\/06\/DarEu-poster-final-SPECTACOL-724x1024.png 724w, https:\/\/www.controln.ro\/asociatia-culturala\/wp-content\/uploads\/2025\/06\/DarEu-poster-final-SPECTACOL-212x300.png 212w, https:\/\/www.controln.ro\/asociatia-culturala\/wp-content\/uploads\/2025\/06\/DarEu-poster-final-SPECTACOL-768x1086.png 768w, https:\/\/www.controln.ro\/asociatia-culturala\/wp-content\/uploads\/2025\/06\/DarEu-poster-final-SPECTACOL-1086x1536.png 1086w, https:\/\/www.controln.ro\/asociatia-culturala\/wp-content\/uploads\/2025\/06\/DarEu-poster-final-SPECTACOL-1448x2048.png 1448w, https:\/\/www.controln.ro\/asociatia-culturala\/wp-content\/uploads\/2025\/06\/DarEu-poster-final-SPECTACOL-scaled.png 1810w\" sizes=\"(max-width: 669px) 100vw, 669px\" \/><\/a><\/p>\n<p><span style=\"font-weight: 400;\">\u201eDar eu?\u201d este un proiect organizat de Asocia\u021bia Cultural\u0103 Control N, co-finan\u021bat de Administra\u0163ia Fondului Cultural Na\u0163ional* (AFCN).<\/span><\/p>\n<p><span style=\"font-weight: 400;\">* Proiectul nu reprezint\u0103 \u00een mod necesar pozi\u0163ia Administra\u021biei Fondului Cultural Na\u021bional. AFCN nu este responsabil\u0103 de con\u021binutul proiectului sau de modul \u00een care rezultatele proiectului pot fi folosite. Acestea sunt \u00een \u00eentregime responsabilitatea beneficiarului finan\u021b\u0103rii.<\/span><\/p>\n<p><span style=\"font-weight: 400;\">Parteneri:\u00a0<\/span><a href=\"https:\/\/www.liternet.ro\/\"><span style=\"font-weight: 400;\">Liternet<\/span><\/a><span style=\"font-weight: 400;\">,\u00a0<\/span><a href=\"https:\/\/www.ziarulmetropolis.ro\/\"><span style=\"font-weight: 400;\">Ziarul Metropolis<\/span><\/a><span style=\"font-weight: 400;\">,\u00a0<\/span><a href=\"http:\/\/happ.ro\/\"><span style=\"font-weight: 400;\">Happ.ro<\/span><\/a><\/p>\n","protected":false},"excerpt":{"rendered":"<p>Spectacolul \u201eDar eu?\u201c va avea loc pe 28 iunie, la Teatrul Pod de la Casa de Cultur\u0103 a Studen\u021bilor Bucure\u0219ti, de la ora 18.00 \u0219i de la ora 20.00, \u00een cadrul programului educa\u021bional \u201eDar eu?\u201d \u2013 Ateliere de autocunoa\u0219tere prin [&hellip;]<\/p>\n","protected":false},"author":2,"featured_media":2856,"comment_status":"closed","ping_status":"closed","sticky":false,"template":"","format":"standard","meta":{"_jetpack_memberships_contains_paid_content":false,"footnotes":""},"categories":[18],"tags":[],"class_list":["post-2855","post","type-post","status-publish","format-standard","has-post-thumbnail","hentry","category-comunicate-de-presa"],"jetpack_featured_media_url":"https:\/\/www.controln.ro\/asociatia-culturala\/wp-content\/uploads\/2025\/06\/DarEu-FBCOVER-SPECTAACOL.png","jetpack_sharing_enabled":true,"_links":{"self":[{"href":"https:\/\/www.controln.ro\/asociatia-culturala\/wp-json\/wp\/v2\/posts\/2855","targetHints":{"allow":["GET"]}}],"collection":[{"href":"https:\/\/www.controln.ro\/asociatia-culturala\/wp-json\/wp\/v2\/posts"}],"about":[{"href":"https:\/\/www.controln.ro\/asociatia-culturala\/wp-json\/wp\/v2\/types\/post"}],"author":[{"embeddable":true,"href":"https:\/\/www.controln.ro\/asociatia-culturala\/wp-json\/wp\/v2\/users\/2"}],"replies":[{"embeddable":true,"href":"https:\/\/www.controln.ro\/asociatia-culturala\/wp-json\/wp\/v2\/comments?post=2855"}],"version-history":[{"count":2,"href":"https:\/\/www.controln.ro\/asociatia-culturala\/wp-json\/wp\/v2\/posts\/2855\/revisions"}],"predecessor-version":[{"id":2859,"href":"https:\/\/www.controln.ro\/asociatia-culturala\/wp-json\/wp\/v2\/posts\/2855\/revisions\/2859"}],"wp:featuredmedia":[{"embeddable":true,"href":"https:\/\/www.controln.ro\/asociatia-culturala\/wp-json\/wp\/v2\/media\/2856"}],"wp:attachment":[{"href":"https:\/\/www.controln.ro\/asociatia-culturala\/wp-json\/wp\/v2\/media?parent=2855"}],"wp:term":[{"taxonomy":"category","embeddable":true,"href":"https:\/\/www.controln.ro\/asociatia-culturala\/wp-json\/wp\/v2\/categories?post=2855"},{"taxonomy":"post_tag","embeddable":true,"href":"https:\/\/www.controln.ro\/asociatia-culturala\/wp-json\/wp\/v2\/tags?post=2855"}],"curies":[{"name":"wp","href":"https:\/\/api.w.org\/{rel}","templated":true}]}}